{"id":2479,"date":"2022-09-23T12:35:41","date_gmt":"2022-09-23T10:35:41","guid":{"rendered":"https:\/\/www.scillasb.com\/?p=2479"},"modified":"2025-10-31T12:05:52","modified_gmt":"2025-10-31T11:05:52","slug":"la-settimana-europea-della-mobilita-sostenibile-2022","status":"publish","type":"post","link":"https:\/\/scillasb.com\/en\/la-settimana-europea-della-mobilita-sostenibile-2022\/","title":{"rendered":"LA SETTIMANA EUROPEA DELLA MOBILIT\u00c0 SOSTENIBILE &#8211; 2022"},"content":{"rendered":"<p><span data-contrast=\"auto\">Nei giorni appena trascorsi, dal 16 al 22 settembre, si \u00e8 svolta la Settimana Europea della Mobilit\u00e0, che <\/span><span data-contrast=\"auto\">\u00e8 giunta alla sua <\/span><span data-contrast=\"auto\">ventunesima edizione<\/span><span data-contrast=\"auto\">. \u00c8 <\/span><span data-contrast=\"auto\">un appuntamento al quale tutte le societ\u00e0, cittadini e amministrazioni impegnate nella sostenibilit\u00e0 ambientale, hanno potuto partecipare, facendo sentire la propria voce, lanciando un messaggio di cambiamento e di rinnovamento dei propri stili di vita.\u00a0<\/span><span data-ccp-props=\"{&quot;134233117&quot;:false,&quot;134233118&quot;:false,&quot;201341983&quot;:0,&quot;335551550&quot;:6,&quot;335551620&quot;:6,&quot;335559738&quot;:0,&quot;335559739&quot;:300,&quot;335559740&quot;:240}\">\u00a0<\/span><\/p>\n<p><span data-contrast=\"auto\">Ogni anno la Settimana Europea della Mobilit\u00e0 si concentra temi specifici. <\/span><span data-contrast=\"auto\">Gli spostamenti casa-lavoro sono le principali attivit\u00e0 generatrici di traffico e quindi inquinamento; per tale motivo quest\u2019anno, ai<\/span><span data-contrast=\"auto\"> dipendenti che nella settimana predetta hanno raggiunto la propria sede di lavoro a piedi, con mezzi pubblici a basse emissioni, con biciclette, o con qualsiasi altro mezzo ecosostenibile, #InfoCamere riconoscer\u00e0 un bonus nella riduzione dell\u2019orario minimo lavorativo giornaliero. <\/span><span data-ccp-props=\"{&quot;134233117&quot;:false,&quot;134233118&quot;:false,&quot;201341983&quot;:0,&quot;335551550&quot;:6,&quot;335551620&quot;:6,&quot;335559738&quot;:0,&quot;335559739&quot;:300,&quot;335559740&quot;:240}\">\u00a0<\/span><\/p>\n<p>https:\/\/www.scillasb.com\/wp-content\/uploads\/2022\/09\/4-300&#215;180.jpg<\/p>\n<p><span data-contrast=\"auto\">L\u2019obiettivo dell\u2019iniziativa \u00e8 quello di evidenziare e promuovere le sinergie tra le persone e i luoghi, per aumentare la consapevolezza riguardo alla mobilit\u00e0 sostenibile all\u2019insegna del cambiamento, creando appunto connessioni tra i gruppi di persone gi\u00e0 attivi sul tema con il nuovo pubblico interessato.<\/span><span data-ccp-props=\"{&quot;201341983&quot;:0,&quot;335551550&quot;:6,&quot;335551620&quot;:6,&quot;335559739&quot;:160,&quot;335559740&quot;:259}\">\u00a0<\/span><\/p>\n<p><span data-contrast=\"auto\">L\u2019iniziativa rientra nel concetto di #Planet di InfoCamere in ottica di riduzione globale delle emissioni inquinanti in atmosfera, che \u00e8 uno degli obiettivi del Piano di sostenibilit\u00e0 2022\/2023, <\/span><span data-contrast=\"auto\">finalizzato alla riduzione dell\u2019uso del mezzo di trasporto privato individuale.<\/span><span data-ccp-props=\"{&quot;201341983&quot;:0,&quot;335551550&quot;:6,&quot;335551620&quot;:6,&quot;335559739&quot;:160,&quot;335559740&quot;:259}\">\u00a0<\/span><\/p>\n<p><span data-contrast=\"auto\">A tal proposito, noi di SCILLA SRL SB ci sentiamo di promuovere fortemente questa iniziativa.\u00a0<\/span><span data-ccp-props=\"{&quot;201341983&quot;:0,&quot;335551550&quot;:6,&quot;335551620&quot;:6,&quot;335559739&quot;:160,&quot;335559740&quot;:259}\">\u00a0<\/span><\/p>\n<p>https:\/\/www.scillasb.com\/wp-content\/uploads\/2022\/09\/2-300&#215;169.jpg<\/p>\n<p><strong><em><span class=\"TextRun Highlight SCXW99975214 BCX8\" lang=\"IT-IT\" xml:lang=\"IT-IT\" data-contrast=\"auto\"><span class=\"NormalTextRun SCXW99975214 BCX8\">T<\/span><span class=\"NormalTextRun SCXW99975214 BCX8\">ra le nostre attivit\u00e0,<\/span><span class=\"NormalTextRun SCXW99975214 BCX8\"> infatti,\u00a0<\/span><span class=\"NormalTextRun SCXW99975214 BCX8\"> offriamo <\/span><span class=\"NormalTextRun SCXW99975214 BCX8\">un servizio a tutte <\/span><span class=\"NormalTextRun SCXW99975214 BCX8\">le<\/span><span class=\"NormalTextRun SCXW99975214 BCX8\"> realt\u00e0<\/span><span class=\"NormalTextRun SCXW99975214 BCX8\">,<\/span><span class=\"NormalTextRun SCXW99975214 BCX8\"> che vogliano integrare concretamente il concetto di MOBILITA\u2019 SOSTENIBILE <\/span><span class=\"NormalTextRun SCXW99975214 BCX8\">nella propria identit\u00e0<\/span><span class=\"NormalTextRun SCXW99975214 BCX8\"> amministrativa, tramite la promozione e concretizzazione di un PSCL (piano di spostamento casa \u2013 lavoro), in termini di MOBILITY MANAGEMENT.<\/span><\/span><span class=\"EOP SCXW99975214 BCX8\" data-ccp-props=\"{&quot;201341983&quot;:0,&quot;335551550&quot;:6,&quot;335551620&quot;:6,&quot;335559739&quot;:160,&quot;335559740&quot;:259}\">\u00a0<\/span><\/em><\/strong><\/p>\n<p>https:\/\/www.scillasb.com\/wp-content\/uploads\/2022\/09\/3-300&#215;200.jpg<\/p>","protected":false},"excerpt":{"rendered":"<p>Nei giorni appena trascorsi, dal 16 al 22 settembre, si \u00e8 svolta la Settimana Europea della Mobilit\u00e0, che \u00e8 giunta alla sua ventunesima edizione. \u00c8 un appuntamento al quale tutte le societ\u00e0, cittadini e amministrazioni impegnate nella sostenibilit\u00e0 ambientale, hanno potuto partecipare, facendo sentire la propria voce, lanciando un messaggio di cambiamento e di rinnovamento [&hellip;]<\/p>\n","protected":false},"author":4,"featured_media":2481,"comment_status":"closed","ping_status":"open","sticky":false,"template":"","format":"standard","meta":{"_acf_changed":false,"wds_primary_category":0,"footnotes":""},"categories":[1],"tags":[],"class_list":["post-2479","post","type-post","status-publish","format-standard","has-post-thumbnail","hentry","category-uncategorized"],"acf":[],"meta_box":[],"_links":{"self":[{"href":"https:\/\/scillasb.com\/en\/wp-json\/wp\/v2\/posts\/2479","targetHints":{"allow":["GET"]}}],"collection":[{"href":"https:\/\/scillasb.com\/en\/wp-json\/wp\/v2\/posts"}],"about":[{"href":"https:\/\/scillasb.com\/en\/wp-json\/wp\/v2\/types\/post"}],"author":[{"embeddable":true,"href":"https:\/\/scillasb.com\/en\/wp-json\/wp\/v2\/users\/4"}],"replies":[{"embeddable":true,"href":"https:\/\/scillasb.com\/en\/wp-json\/wp\/v2\/comments?post=2479"}],"version-history":[{"count":3,"href":"https:\/\/scillasb.com\/en\/wp-json\/wp\/v2\/posts\/2479\/revisions"}],"predecessor-version":[{"id":2488,"href":"https:\/\/scillasb.com\/en\/wp-json\/wp\/v2\/posts\/2479\/revisions\/2488"}],"wp:featuredmedia":[{"embeddable":true,"href":"https:\/\/scillasb.com\/en\/wp-json\/wp\/v2\/media\/2481"}],"wp:attachment":[{"href":"https:\/\/scillasb.com\/en\/wp-json\/wp\/v2\/media?parent=2479"}],"wp:term":[{"taxonomy":"category","embeddable":true,"href":"https:\/\/scillasb.com\/en\/wp-json\/wp\/v2\/categories?post=2479"},{"taxonomy":"post_tag","embeddable":true,"href":"https:\/\/scillasb.com\/en\/wp-json\/wp\/v2\/tags?post=2479"}],"curies":[{"name":"wp","href":"https:\/\/api.w.org\/{rel}","templated":true}]}}